{"submenu":"cursos-e-eventos","resultado":[{"id":4,"0":4,"ordem":1,"1":1,"imagem":"COMP_informacoes-gerais_20230331145933wqLYiRKc3o.jpg","2":"COMP_informacoes-gerais_20230331145933wqLYiRKc3o.jpg","data":"2026-03-10","3":"2026-03-10","nome":"Curso ABINT Tecnologia dos N\u00e3otecidos","4":"Curso ABINT Tecnologia dos N\u00e3otecidos","nome_en":"-","5":"-","periodo":"***** Pr\u00f3xima turma: 29 de abril de 2026 *****","6":"***** Pr\u00f3xima turma: 29 de abril de 2026 *****","periodo_en":"-","7":"-","descricao":"<p>&nbsp;<\/p>\r\n\r\n<p>A ABINT tamb&eacute;m disponibiliza este Curso &quot;in company&quot;.<\/p>\r\n\r\n<p>Para mais informa&ccedil;&otilde;es, envie-nos uma mensagem pela aba &quot;Contato&quot; ou no e-mail abint@abint.org.br&nbsp;<\/p>\r\n","8":"<p>&nbsp;<\/p>\r\n\r\n<p>A ABINT tamb&eacute;m disponibiliza este Curso &quot;in company&quot;.<\/p>\r\n\r\n<p>Para mais informa&ccedil;&otilde;es, envie-nos uma mensagem pela aba &quot;Contato&quot; ou no e-mail abint@abint.org.br&nbsp;<\/p>\r\n","descricao_en":"<p>-<\/p>\r\n","9":"<p>-<\/p>\r\n","link":"https:\/\/forms.gle\/VzyfvmnBbH7FtFGV9","10":"https:\/\/forms.gle\/VzyfvmnBbH7FtFGV9","created_at":"2021-08-26 18:19:13","11":"2021-08-26 18:19:13","updated_at":"2026-04-17 11:28:29","12":"2026-04-17 11:28:29"},{"id":28,"0":28,"ordem":2,"1":2,"imagem":"COMP_20251117-workshop-iso-astm-abnt_20251016122458cvmdyLuxik.jpg","2":"COMP_20251117-workshop-iso-astm-abnt_20251016122458cvmdyLuxik.jpg","data":"2025-11-17","3":"2025-11-17","nome":"International Geosynthetics Workshop: Standards and updates in Infrastructure and Sustainability","4":"International Geosynthetics Workshop: Standards and updates in Infrastructure and Sustainability","nome_en":"","5":"","periodo":"17 de novembro de 2025","6":"17 de novembro de 2025","periodo_en":"","7":"","descricao":"<p>The&nbsp;<strong data-end=\"260\" data-start=\"160\"><i>International Geosynthetics Workshop: Standards and Updates in Infrastructure and Sustainability<\/i><\/strong>&nbsp;is a one-day technical workshop dedicated to the latest updates and best practices in infrastructure and geosynthetics, with a focus on sustainability. The event brings together national and international experts, researchers and industry leaders to share knowledge on standards in environmental construction, innovative applications and the use of geosynthetics in transport projects and environmental works. The event offers a unique opportunity to exchange experiences, learn and update on the development of sustainable solutions with geosynthetics in Brazil and around the world.&nbsp;<\/p>\r\n","8":"<p>The&nbsp;<strong data-end=\"260\" data-start=\"160\"><i>International Geosynthetics Workshop: Standards and Updates in Infrastructure and Sustainability<\/i><\/strong>&nbsp;is a one-day technical workshop dedicated to the latest updates and best practices in infrastructure and geosynthetics, with a focus on sustainability. The event brings together national and international experts, researchers and industry leaders to share knowledge on standards in environmental construction, innovative applications and the use of geosynthetics in transport projects and environmental works. The event offers a unique opportunity to exchange experiences, learn and update on the development of sustainable solutions with geosynthetics in Brazil and around the world.&nbsp;<\/p>\r\n","descricao_en":"","9":"","link":"https:\/\/encurtador.com.br\/PMpIY","10":"https:\/\/encurtador.com.br\/PMpIY","created_at":"2025-10-16 12:25:06","11":"2025-10-16 12:25:06","updated_at":"2025-10-16 12:25:06","12":"2025-10-16 12:25:06"},{"id":26,"0":26,"ordem":3,"1":3,"imagem":"COMP_premiacao-tcc-ic-encontro-anual-igs-2025_20251016121227e91JbH4OPx.png","2":"COMP_premiacao-tcc-ic-encontro-anual-igs-2025_20251016121227e91JbH4OPx.png","data":"2025-11-06","3":"2025-11-06","nome":"PREMIA\u00c7\u00c3O | Pr\u00eamio TCC\/IC 2024\/2025","4":"PREMIA\u00c7\u00c3O | Pr\u00eamio TCC\/IC 2024\/2025","nome_en":"","5":"","periodo":"06 de novembro de 2025","6":"06 de novembro de 2025","periodo_en":"","7":"","descricao":"<p><strong>Cerim&ocirc;nia de premia&ccedil;&atilde;o do Pr&ecirc;mio TCC\/IC &quot;Benedito de Souza Bueno&quot; Tecnologia em Geossint&eacute;ticos 2024\/2025<\/strong>, durante o&nbsp;12&ordm; Encontro Anual IGS Brasil &quot;Geossint&eacute;ticos em Pauta&quot;.<\/p>\r\n\r\n<p>Com participa&ccedil;&atilde;o gratuita, esta edi&ccedil;&atilde;o &eacute;&nbsp;aberta ao p&uacute;blico geral&nbsp;e as&nbsp;vagas s&atilde;o limitadas.<\/p>\r\n\r\n<p>\ud83d\udcc5&nbsp;Data:&nbsp;06 de novembro de 2025<br data-end=\"251\" data-start=\"248\" \/>\r\n\ud83d\udd50&nbsp;Hor&aacute;rio:&nbsp;13h00 &agrave;s 18h00<br data-end=\"284\" data-start=\"281\" \/>\r\n\ud83d\udccd&nbsp;Local:&nbsp;Rua Marqu&ecirc;s de Itu, 968 &ndash; Higien&oacute;polis (Sede ABINT)<br data-end=\"352\" data-start=\"349\" \/>\r\n\ud83d\ude97&nbsp;Estacionamento:&nbsp;O local n&atilde;o possui estacionamento. Indicamos op&ccedil;&atilde;o pr&oacute;xima na Rua Martin Francisco, 737 (n&atilde;o conveniado).<br \/>\r\n<br \/>\r\nPara mais informa&ccedil;&otilde;es, entre em contato com a Secretaria Executiva:&nbsp;<br \/>\r\n<a href=\"mailto:igsbrasil@igsbrasil.org.br\" rel=\"nofollow\">igsbrasil@igsbrasil.org.br<\/a>&nbsp;\/ (11) 91361-2000 (WhatsApp)<\/p>\r\n\r\n<hr \/>\r\n<p>PROGRAMA&Ccedil;&Atilde;O<\/p>\r\n\r\n<p>13:00 - Boas Vindas&nbsp;<\/p>\r\n\r\n<p>13:15 - Relatos da Diretoria da IGS Brasil<\/p>\r\n\r\n<p>13:40 &ndash; Palestra T&eacute;cnica: Huesker Brasil<\/p>\r\n\r\n<p>14:20 &ndash; Palestra T&eacute;cnica: Maccaferri do Brasil<\/p>\r\n\r\n<p>15:00 - Intervalo&nbsp;<\/p>\r\n\r\n<p>15:30 - Homenagem &agrave;s Empresas: TRI Ambiental<\/p>\r\n\r\n<p>15:40 &ndash; Cerim&ocirc;nia de Premia&ccedil;&atilde;o: Pr&ecirc;mio TCC\/IC 2025<\/p>\r\n\r\n<p>16:50 &ndash; Cerim&ocirc;nia de Premia&ccedil;&atilde;o: Casos de Obras 2025&nbsp;<\/p>\r\n\r\n<p>17:30 - Encerramento<\/p>\r\n","8":"<p><strong>Cerim&ocirc;nia de premia&ccedil;&atilde;o do Pr&ecirc;mio TCC\/IC &quot;Benedito de Souza Bueno&quot; Tecnologia em Geossint&eacute;ticos 2024\/2025<\/strong>, durante o&nbsp;12&ordm; Encontro Anual IGS Brasil &quot;Geossint&eacute;ticos em Pauta&quot;.<\/p>\r\n\r\n<p>Com participa&ccedil;&atilde;o gratuita, esta edi&ccedil;&atilde;o &eacute;&nbsp;aberta ao p&uacute;blico geral&nbsp;e as&nbsp;vagas s&atilde;o limitadas.<\/p>\r\n\r\n<p>\ud83d\udcc5&nbsp;Data:&nbsp;06 de novembro de 2025<br data-end=\"251\" data-start=\"248\" \/>\r\n\ud83d\udd50&nbsp;Hor&aacute;rio:&nbsp;13h00 &agrave;s 18h00<br data-end=\"284\" data-start=\"281\" \/>\r\n\ud83d\udccd&nbsp;Local:&nbsp;Rua Marqu&ecirc;s de Itu, 968 &ndash; Higien&oacute;polis (Sede ABINT)<br data-end=\"352\" data-start=\"349\" \/>\r\n\ud83d\ude97&nbsp;Estacionamento:&nbsp;O local n&atilde;o possui estacionamento. Indicamos op&ccedil;&atilde;o pr&oacute;xima na Rua Martin Francisco, 737 (n&atilde;o conveniado).<br \/>\r\n<br \/>\r\nPara mais informa&ccedil;&otilde;es, entre em contato com a Secretaria Executiva:&nbsp;<br \/>\r\n<a href=\"mailto:igsbrasil@igsbrasil.org.br\" rel=\"nofollow\">igsbrasil@igsbrasil.org.br<\/a>&nbsp;\/ (11) 91361-2000 (WhatsApp)<\/p>\r\n\r\n<hr \/>\r\n<p>PROGRAMA&Ccedil;&Atilde;O<\/p>\r\n\r\n<p>13:00 - Boas Vindas&nbsp;<\/p>\r\n\r\n<p>13:15 - Relatos da Diretoria da IGS Brasil<\/p>\r\n\r\n<p>13:40 &ndash; Palestra T&eacute;cnica: Huesker Brasil<\/p>\r\n\r\n<p>14:20 &ndash; Palestra T&eacute;cnica: Maccaferri do Brasil<\/p>\r\n\r\n<p>15:00 - Intervalo&nbsp;<\/p>\r\n\r\n<p>15:30 - Homenagem &agrave;s Empresas: TRI Ambiental<\/p>\r\n\r\n<p>15:40 &ndash; Cerim&ocirc;nia de Premia&ccedil;&atilde;o: Pr&ecirc;mio TCC\/IC 2025<\/p>\r\n\r\n<p>16:50 &ndash; Cerim&ocirc;nia de Premia&ccedil;&atilde;o: Casos de Obras 2025&nbsp;<\/p>\r\n\r\n<p>17:30 - Encerramento<\/p>\r\n","descricao_en":"","9":"","link":"https:\/\/encurtador.com.br\/qCeBj","10":"https:\/\/encurtador.com.br\/qCeBj","created_at":"2025-10-16 12:12:36","11":"2025-10-16 12:12:36","updated_at":"2025-10-16 12:12:36","12":"2025-10-16 12:12:36"},{"id":24,"0":24,"ordem":4,"1":4,"imagem":"COMP_20251021-fenasan-2025_20251016115215uKIGxYlhSN.jpg","2":"COMP_20251021-fenasan-2025_20251016115215uKIGxYlhSN.jpg","data":"2025-10-21","3":"2025-10-21","nome":"FENASAN 2025","4":"FENASAN 2025","nome_en":"","5":"","periodo":"21 a 23 de outubro de 2025","6":"21 a 23 de outubro de 2025","periodo_en":"","7":"","descricao":"<p>A Feira Nacional de Saneamento e Meio Ambiente &ndash; Fenasan e o 36&ordm; Encontro T&eacute;cnico AESabesp (de 21 a 23 de outubro, nos Pavilh&otilde;es Verde e Vermelho, no Expo Center Norte, em S&atilde;o Paulo) formam, juntos, o maior evento de saneamento ambiental das Am&eacute;ricas. A realiza&ccedil;&atilde;o &eacute; da AESabesp &ndash; Associa&ccedil;&atilde;o dos Engenheiros da Sabesp.<\/p>\r\n\r\n<p>A visita&ccedil;&atilde;o, que &eacute; gratuita, &eacute;&nbsp; destinada &agrave; gest&atilde;o dos res&iacute;duos s&oacute;lidos; reciclagem, limpeza p&uacute;blica, saneamento urbano e gera&ccedil;&atilde;o de energia sustent&aacute;vel. Juntos, os eventos ampliam as oportunidades de networking e neg&oacute;cios para os mais de 34 mil visitantes esperados.&nbsp;<\/p>\r\n\r\n<h2>Alinhamento aos ODS e ao ESG<\/h2>\r\n\r\n<p>O tema central desta edi&ccedil;&atilde;o &eacute;&nbsp;<strong>&ldquo;Saneamento e inova&ccedil;&atilde;o: pilares para um futuro resiliente e sustent&aacute;vel&rdquo;<\/strong>.<\/p>\r\n\r\n<p>Alinhada aos ODS &ndash; Objetivos de Desenvolvimento Sustent&aacute;vel estabelecidos pela ONU e aos conceitos de ESG, a edi&ccedil;&atilde;o 2025 continuar&aacute; ampliando o di&aacute;logo em torno das quest&otilde;es de saneamento ambiental, meio ambiente e sustentabilidade e promovendo o compartilhamento de conhecimento altamente qualificado.<\/p>\r\n\r\n<p>O evento reunir&aacute; especialistas e profissionais de elevado n&iacute;vel de conhecimento, como engenheiros, qu&iacute;micos, bi&oacute;logos, t&eacute;cnicos, pesquisadores, estudantes, gestores e empres&aacute;rios que atuam no saneamento ambiental e, de forma geral, todas as pessoas interessadas no avan&ccedil;o da aplica&ccedil;&atilde;o dos conhecimentos da engenharia e das inova&ccedil;&otilde;es tecnol&oacute;gicas no setor, com participa&ccedil;&atilde;o de congressistas, visitantes da Feira e as mais renomadas empresas da cadeia produtiva do saneamento: fabricantes, distribuidoras e prestadoras de servi&ccedil;os do mercado.<\/p>\r\n\r\n<p>Al&eacute;m de polo de neg&oacute;cios e oportunidades de networking, o evento tem por objetivo a promo&ccedil;&atilde;o e divulga&ccedil;&atilde;o do desenvolvimento tecnol&oacute;gico do saneamento e de produtos empregados em sistemas de tratamento de &aacute;gua, adu&ccedil;&atilde;o e abastecimento e sistemas de coleta, tratamento de esgotos, drenagem e disposi&ccedil;&atilde;o final de res&iacute;duos e demais a&ccedil;&otilde;es do saneamento ambiental.<\/p>\r\n\r\n<p><strong>36&ordm; Encontro T&eacute;cnico AESabesp e Fenasan 2025 &ndash; Feira Nacional de Saneamento e Meio Ambiente<\/strong><br \/>\r\n<strong>De 21 a 23 de outubro de 2025<\/strong><br \/>\r\n<strong>Expo Center Norte &ndash; Pavilh&otilde;es Verde e Vermelho<\/strong><br \/>\r\n<strong>Visita&ccedil;&atilde;o &agrave;s feiras: gratuita<\/strong><\/p>\r\n","8":"<p>A Feira Nacional de Saneamento e Meio Ambiente &ndash; Fenasan e o 36&ordm; Encontro T&eacute;cnico AESabesp (de 21 a 23 de outubro, nos Pavilh&otilde;es Verde e Vermelho, no Expo Center Norte, em S&atilde;o Paulo) formam, juntos, o maior evento de saneamento ambiental das Am&eacute;ricas. A realiza&ccedil;&atilde;o &eacute; da AESabesp &ndash; Associa&ccedil;&atilde;o dos Engenheiros da Sabesp.<\/p>\r\n\r\n<p>A visita&ccedil;&atilde;o, que &eacute; gratuita, &eacute;&nbsp; destinada &agrave; gest&atilde;o dos res&iacute;duos s&oacute;lidos; reciclagem, limpeza p&uacute;blica, saneamento urbano e gera&ccedil;&atilde;o de energia sustent&aacute;vel. Juntos, os eventos ampliam as oportunidades de networking e neg&oacute;cios para os mais de 34 mil visitantes esperados.&nbsp;<\/p>\r\n\r\n<h2>Alinhamento aos ODS e ao ESG<\/h2>\r\n\r\n<p>O tema central desta edi&ccedil;&atilde;o &eacute;&nbsp;<strong>&ldquo;Saneamento e inova&ccedil;&atilde;o: pilares para um futuro resiliente e sustent&aacute;vel&rdquo;<\/strong>.<\/p>\r\n\r\n<p>Alinhada aos ODS &ndash; Objetivos de Desenvolvimento Sustent&aacute;vel estabelecidos pela ONU e aos conceitos de ESG, a edi&ccedil;&atilde;o 2025 continuar&aacute; ampliando o di&aacute;logo em torno das quest&otilde;es de saneamento ambiental, meio ambiente e sustentabilidade e promovendo o compartilhamento de conhecimento altamente qualificado.<\/p>\r\n\r\n<p>O evento reunir&aacute; especialistas e profissionais de elevado n&iacute;vel de conhecimento, como engenheiros, qu&iacute;micos, bi&oacute;logos, t&eacute;cnicos, pesquisadores, estudantes, gestores e empres&aacute;rios que atuam no saneamento ambiental e, de forma geral, todas as pessoas interessadas no avan&ccedil;o da aplica&ccedil;&atilde;o dos conhecimentos da engenharia e das inova&ccedil;&otilde;es tecnol&oacute;gicas no setor, com participa&ccedil;&atilde;o de congressistas, visitantes da Feira e as mais renomadas empresas da cadeia produtiva do saneamento: fabricantes, distribuidoras e prestadoras de servi&ccedil;os do mercado.<\/p>\r\n\r\n<p>Al&eacute;m de polo de neg&oacute;cios e oportunidades de networking, o evento tem por objetivo a promo&ccedil;&atilde;o e divulga&ccedil;&atilde;o do desenvolvimento tecnol&oacute;gico do saneamento e de produtos empregados em sistemas de tratamento de &aacute;gua, adu&ccedil;&atilde;o e abastecimento e sistemas de coleta, tratamento de esgotos, drenagem e disposi&ccedil;&atilde;o final de res&iacute;duos e demais a&ccedil;&otilde;es do saneamento ambiental.<\/p>\r\n\r\n<p><strong>36&ordm; Encontro T&eacute;cnico AESabesp e Fenasan 2025 &ndash; Feira Nacional de Saneamento e Meio Ambiente<\/strong><br \/>\r\n<strong>De 21 a 23 de outubro de 2025<\/strong><br \/>\r\n<strong>Expo Center Norte &ndash; Pavilh&otilde;es Verde e Vermelho<\/strong><br \/>\r\n<strong>Visita&ccedil;&atilde;o &agrave;s feiras: gratuita<\/strong><\/p>\r\n","descricao_en":"","9":"","link":"https:\/\/fenasan.com.br\/","10":"https:\/\/fenasan.com.br\/","created_at":"2025-10-16 11:52:32","11":"2025-10-16 11:52:32","updated_at":"2025-10-16 11:52:32","12":"2025-10-16 11:52:32"},{"id":23,"0":23,"ordem":5,"1":5,"imagem":"COMP_congresso-abit-2025-1_20251016114927SKoSUqXSNf.png","2":"COMP_congresso-abit-2025-1_20251016114927SKoSUqXSNf.png","data":"2025-10-29","3":"2025-10-29","nome":"Congresso Internacional Abit 2025","4":"Congresso Internacional Abit 2025","nome_en":"","5":"","periodo":"29 e 30 de outubro de 2025","6":"29 e 30 de outubro de 2025","periodo_en":"","7":"","descricao":"<p>Em 2025 o Congresso Internacional Abit chega na sua&nbsp;10 &ordf; edi&ccedil;&atilde;o.<br \/>\r\n<br \/>\r\n0rganizado anualmente pela Abit desde 2016, o evento de conte&uacute;do da Associa&ccedil;&atilde;o Brasileira da Ind&uacute;stria T&ecirc;xtil e de Confec&ccedil;&atilde;o se tornou o maior da cadeia do setor t&ecirc;xtil e de confec&ccedil;&atilde;o do pa&iacute;s. Tradicionalmente re&uacute;ne empres&aacute;rios de toda a cadeia produtiva do setor, especialistas, autoridades e formadores de opini&atilde;o do Brasil e do mundo.<\/p>\r\n\r\n<h2><strong>Tema desse ano:&nbsp;<\/strong><strong>Produtividade como Catalisador do Crescimento e Prosperidade.<\/strong><\/h2>\r\n\r\n<p>O Congresso Internacional Abit 2025 abordar&aacute; o tema crucial da produtividade como motor fundamental para o crescimento econ&ocirc;mico e o enriquecimento das sociedades, com foco especial no setor t&ecirc;xtil e de confec&ccedil;&atilde;o. Em um mundo em constante transforma&ccedil;&atilde;o, entender e aprimorar a produtividade &eacute; essencial para garantir a competitividade e o desenvolvimento sustent&aacute;vel das empresas e na&ccedil;&otilde;es.<\/p>\r\n\r\n<p>Este evento reunir&aacute; l&iacute;deres industriais, especialistas em economia, inovadores tecnol&oacute;gicos e formuladores de pol&iacute;ticas para discutir estrat&eacute;gias, compartilhar experi&ecirc;ncias e explorar solu&ccedil;&otilde;es que possam impulsionar a produtividade no setor t&ecirc;xtil e al&eacute;m. Os participantes ter&atilde;o a oportunidade de examinar as &uacute;ltimas tend&ecirc;ncias, tecnologias e pr&aacute;ticas que est&atilde;o redefinindo a produtividade no s&eacute;culo&nbsp;XXI.<\/p>\r\n","8":"<p>Em 2025 o Congresso Internacional Abit chega na sua&nbsp;10 &ordf; edi&ccedil;&atilde;o.<br \/>\r\n<br \/>\r\n0rganizado anualmente pela Abit desde 2016, o evento de conte&uacute;do da Associa&ccedil;&atilde;o Brasileira da Ind&uacute;stria T&ecirc;xtil e de Confec&ccedil;&atilde;o se tornou o maior da cadeia do setor t&ecirc;xtil e de confec&ccedil;&atilde;o do pa&iacute;s. Tradicionalmente re&uacute;ne empres&aacute;rios de toda a cadeia produtiva do setor, especialistas, autoridades e formadores de opini&atilde;o do Brasil e do mundo.<\/p>\r\n\r\n<h2><strong>Tema desse ano:&nbsp;<\/strong><strong>Produtividade como Catalisador do Crescimento e Prosperidade.<\/strong><\/h2>\r\n\r\n<p>O Congresso Internacional Abit 2025 abordar&aacute; o tema crucial da produtividade como motor fundamental para o crescimento econ&ocirc;mico e o enriquecimento das sociedades, com foco especial no setor t&ecirc;xtil e de confec&ccedil;&atilde;o. Em um mundo em constante transforma&ccedil;&atilde;o, entender e aprimorar a produtividade &eacute; essencial para garantir a competitividade e o desenvolvimento sustent&aacute;vel das empresas e na&ccedil;&otilde;es.<\/p>\r\n\r\n<p>Este evento reunir&aacute; l&iacute;deres industriais, especialistas em economia, inovadores tecnol&oacute;gicos e formuladores de pol&iacute;ticas para discutir estrat&eacute;gias, compartilhar experi&ecirc;ncias e explorar solu&ccedil;&otilde;es que possam impulsionar a produtividade no setor t&ecirc;xtil e al&eacute;m. Os participantes ter&atilde;o a oportunidade de examinar as &uacute;ltimas tend&ecirc;ncias, tecnologias e pr&aacute;ticas que est&atilde;o redefinindo a produtividade no s&eacute;culo&nbsp;XXI.<\/p>\r\n","descricao_en":"","9":"","link":"https:\/\/www.congressoabit.com.br\/","10":"https:\/\/www.congressoabit.com.br\/","created_at":"2025-10-16 11:49:32","11":"2025-10-16 11:49:32","updated_at":"2025-10-16 11:49:32","12":"2025-10-16 11:49:32"},{"id":22,"0":22,"ordem":6,"1":6,"imagem":"COMP_3o-seminario-abrafiltros-abint-post_20251016114408guzJVLb3h0.png","2":"COMP_3o-seminario-abrafiltros-abint-post_20251016114408guzJVLb3h0.png","data":"2025-10-08","3":"2025-10-08","nome":"3\u00ba Semin\u00e1rio ABRAFILTROS","4":"3\u00ba Semin\u00e1rio ABRAFILTROS","nome_en":"","5":"","periodo":"08 de outubro de 2025","6":"08 de outubro de 2025","periodo_en":"","7":"","descricao":"<p>A terceira edi&ccedil;&atilde;o do Semin&aacute;rio Brasileiro de Filtros, promovida pela&nbsp;<strong>Abrafiltros&nbsp;&ndash; Associa&ccedil;&atilde;o Brasileira das Empresas de Filtros Automotivos, Industriais e para Esta&ccedil;&otilde;es de Tratamento de &Aacute;gua, Efluentes e Re&uacute;so<\/strong>, acontecer&aacute; no dia 08 de outubro e pela primeira vez ser&aacute; realizado de forma presencial. &ldquo;O evento &eacute; o grande encontro do setor de filtra&ccedil;&atilde;o, levando n&atilde;o s&oacute; ainda mais conhecimento e capacita&ccedil;&atilde;o aos profissionais, mas tamb&eacute;m promovendo, especialmente, neste ano, que ser&aacute; realizado presencialmente, a troca de experi&ecirc;ncias e networking&rdquo;, afirma Jo&atilde;o Moura, presidente executivo da Abrafiltros.<\/p>\r\n","8":"<p>A terceira edi&ccedil;&atilde;o do Semin&aacute;rio Brasileiro de Filtros, promovida pela&nbsp;<strong>Abrafiltros&nbsp;&ndash; Associa&ccedil;&atilde;o Brasileira das Empresas de Filtros Automotivos, Industriais e para Esta&ccedil;&otilde;es de Tratamento de &Aacute;gua, Efluentes e Re&uacute;so<\/strong>, acontecer&aacute; no dia 08 de outubro e pela primeira vez ser&aacute; realizado de forma presencial. &ldquo;O evento &eacute; o grande encontro do setor de filtra&ccedil;&atilde;o, levando n&atilde;o s&oacute; ainda mais conhecimento e capacita&ccedil;&atilde;o aos profissionais, mas tamb&eacute;m promovendo, especialmente, neste ano, que ser&aacute; realizado presencialmente, a troca de experi&ecirc;ncias e networking&rdquo;, afirma Jo&atilde;o Moura, presidente executivo da Abrafiltros.<\/p>\r\n","descricao_en":"","9":"","link":"https:\/\/www.abrafiltros.org.br\/3o-seminario-brasileiro-de-filtros-acontecera-no-dia-08-de-outubro\/","10":"https:\/\/www.abrafiltros.org.br\/3o-seminario-brasileiro-de-filtros-acontecera-no-dia-08-de-outubro\/","created_at":"2025-10-16 11:44:22","11":"2025-10-16 11:44:22","updated_at":"2025-10-16 11:44:57","12":"2025-10-16 11:44:57"},{"id":25,"0":25,"ordem":7,"1":7,"imagem":"COMP_20250916-workshop-ctg-aterro_20251016120028KM94KGR2Gw.jpeg","2":"COMP_20250916-workshop-ctg-aterro_20251016120028KM94KGR2Gw.jpeg","data":"2025-09-16","3":"2025-09-16","nome":" Workshop CTG ABINT \"Qualidade de Geossint\u00e9ticos aplicados em Aterros Sanit\u00e1rios\" ","4":" Workshop CTG ABINT \"Qualidade de Geossint\u00e9ticos aplicados em Aterros Sanit\u00e1rios\" ","nome_en":"","5":"","periodo":"16 de setembro de 2025","6":"16 de setembro de 2025","periodo_en":"","7":"","descricao":"<p>As aplica&ccedil;&otilde;es dos geossint&eacute;ticos s&atilde;o, na maioria das vezes, ligadas &agrave; sustentabilidade. Proteger o solo e o len&ccedil;ol fre&aacute;tico, fazer a conten&ccedil;&atilde;o e a sustenta&ccedil;&atilde;o, s&atilde;o fun&ccedil;&otilde;es que os geossint&eacute;ticos cumprem perfeitamente, de forma eficaz e com excelente custo-benef&iacute;cio.<\/p>\r\n\r\n<h2>Mas para que isso aconte&ccedil;a, a qualidade na fabrica&ccedil;&atilde;o e na aplica&ccedil;&atilde;o s&atilde;o primordiais para a efici&ecirc;ncia e durabilidade da obra.<\/h2>\r\n\r\n<p>Para evidenciar todos esses pontos, voltados ao setor de aterros sanit&aacute;rios, o Comit&ecirc; de Geossint&eacute;ticos da Associa&ccedil;&atilde;o Brasileira das Ind&uacute;strias de N&atilde;otecidos e Tecidos T&eacute;cnicos (CTG ABINT) e a IGS Brasil realizar&atilde;o, no dia 16 de setembro, o workshop presencial&nbsp;&ldquo;QUALIDADE DE GEOSSINT&Eacute;TICOS APLICADOS EM ATERROS SANIT&Aacute;RIOS.<\/p>\r\n","8":"<p>As aplica&ccedil;&otilde;es dos geossint&eacute;ticos s&atilde;o, na maioria das vezes, ligadas &agrave; sustentabilidade. Proteger o solo e o len&ccedil;ol fre&aacute;tico, fazer a conten&ccedil;&atilde;o e a sustenta&ccedil;&atilde;o, s&atilde;o fun&ccedil;&otilde;es que os geossint&eacute;ticos cumprem perfeitamente, de forma eficaz e com excelente custo-benef&iacute;cio.<\/p>\r\n\r\n<h2>Mas para que isso aconte&ccedil;a, a qualidade na fabrica&ccedil;&atilde;o e na aplica&ccedil;&atilde;o s&atilde;o primordiais para a efici&ecirc;ncia e durabilidade da obra.<\/h2>\r\n\r\n<p>Para evidenciar todos esses pontos, voltados ao setor de aterros sanit&aacute;rios, o Comit&ecirc; de Geossint&eacute;ticos da Associa&ccedil;&atilde;o Brasileira das Ind&uacute;strias de N&atilde;otecidos e Tecidos T&eacute;cnicos (CTG ABINT) e a IGS Brasil realizar&atilde;o, no dia 16 de setembro, o workshop presencial&nbsp;&ldquo;QUALIDADE DE GEOSSINT&Eacute;TICOS APLICADOS EM ATERROS SANIT&Aacute;RIOS.<\/p>\r\n","descricao_en":"","9":"","link":"https:\/\/encurtador.com.br\/pVQxJ","10":"https:\/\/encurtador.com.br\/pVQxJ","created_at":"2025-10-16 12:00:36","11":"2025-10-16 12:00:36","updated_at":"2025-10-16 12:02:33","12":"2025-10-16 12:02:33"},{"id":21,"0":21,"ordem":8,"1":8,"imagem":"COMP_e-mail-mkt-site-curso-br-instal-gm-2025_20250128135847267zeGW2Jp.jpg","2":"COMP_e-mail-mkt-site-curso-br-instal-gm-2025_20250128135847267zeGW2Jp.jpg","data":"2025-03-18","3":"2025-03-18","nome":"Curso Brasileiro de Instala\u00e7\u00e3o de Geomembranas \"PAULO KENJI A\u00c7AKURA\"","4":"Curso Brasileiro de Instala\u00e7\u00e3o de Geomembranas \"PAULO KENJI A\u00c7AKURA\"","nome_en":"","5":"","periodo":"18 a 20 de mar\u00e7o de 2025 (Exame IAGI: dia 21\/03)","6":"18 a 20 de mar\u00e7o de 2025 (Exame IAGI: dia 21\/03)","periodo_en":"","7":"","descricao":"<p>O Curso Brasileiro de Instala&ccedil;&atilde;o de Geomembranas &quot;PAULO KENJI A&Ccedil;AKURA&quot; j&aacute; est&aacute; com as <strong>INSCRI&Ccedil;&Otilde;ES ABERTAS<\/strong>!<\/p>\r\n\r\n<p>#geossinteticos #CTG #geomembranas #curso #instalacao #agronegocio #aterrosanitario #mineracao<\/p>\r\n","8":"<p>O Curso Brasileiro de Instala&ccedil;&atilde;o de Geomembranas &quot;PAULO KENJI A&Ccedil;AKURA&quot; j&aacute; est&aacute; com as <strong>INSCRI&Ccedil;&Otilde;ES ABERTAS<\/strong>!<\/p>\r\n\r\n<p>#geossinteticos #CTG #geomembranas #curso #instalacao #agronegocio #aterrosanitario #mineracao<\/p>\r\n","descricao_en":"","9":"","link":"https:\/\/www.geossinteticos.org.br\/novidades\/post\/curso-brasileiro-de-instalacao-de-geomembranas-paulo-kenji-acakura-2025-118","10":"https:\/\/www.geossinteticos.org.br\/novidades\/post\/curso-brasileiro-de-instalacao-de-geomembranas-paulo-kenji-acakura-2025-118","created_at":"2024-11-27 13:28:26","11":"2024-11-27 13:28:26","updated_at":"2025-01-28 13:59:14","12":"2025-01-28 13:59:14"},{"id":18,"0":18,"ordem":9,"1":9,"imagem":"COMP_cth-abint-no-16o-congresso-sobecc_20231129195444iKbGDaV2AP.jpg","2":"COMP_cth-abint-no-16o-congresso-sobecc_20231129195444iKbGDaV2AP.jpg","data":"2023-11-14","3":"2023-11-14","nome":"CTH ABINT no 16\u00ba Congresso SOBECC","4":"CTH ABINT no 16\u00ba Congresso SOBECC","nome_en":"","5":"","periodo":"07 a 10 de novembro de 2023","6":"07 a 10 de novembro de 2023","periodo_en":"","7":"","descricao":"<p style=\"text-align:justify\"><span style=\"font-size:11pt\"><span style=\"line-height:normal\"><span style=\"font-family:Calibri,sans-serif\"><span style=\"font-size:14.0pt\">O <b>CTH ABINT participou do 16&ordm; Congresso SOBECC<\/b>, que aconteceu dias 07 a 10 de novembro de 2023, no Centro de Conven&ccedil;&otilde;es, Distrito Anhembi, com a palestra <b>&ldquo;Fiapos, coisas t&atilde;o pequenas ... Potencial de complica&ccedil;&atilde;o cir&uacute;rgica t&atilde;o grande!&rdquo;<\/b>, <b>ministrada pela especialista Dra. <\/b><\/span><b><span lang=\"EN-US\" style=\"font-size:14.0pt\">Wava Truscott, PhD MBA<\/span><\/b><span lang=\"EN-US\" style=\"font-size:14.0pt\">, President of Truscott MedSci Associates, LLC.<\/span><\/span><\/span><\/span><\/p>\r\n\r\n<p style=\"text-align:justify\"><span style=\"font-size:11pt\"><span style=\"line-height:normal\"><span style=\"font-family:Calibri,sans-serif\"><a href=\"https:\/\/sobecc.org.br\/news\/confira-os-destaques-do-16o-congresso-brasileiro-de-enfermagem-da-sobecc-que-aconteceu-de-7-a-10-11\/655\" style=\"color:blue; text-decoration:underline\"><span style=\"font-size:14.0pt\">Confira os destaques do 16&ordm; Congresso Brasileiro de Enfermagem da SOBECC, que aconteceu de 7 a 10\/11<\/span><\/a><\/span><\/span><\/span><\/p>\r\n","8":"<p style=\"text-align:justify\"><span style=\"font-size:11pt\"><span style=\"line-height:normal\"><span style=\"font-family:Calibri,sans-serif\"><span style=\"font-size:14.0pt\">O <b>CTH ABINT participou do 16&ordm; Congresso SOBECC<\/b>, que aconteceu dias 07 a 10 de novembro de 2023, no Centro de Conven&ccedil;&otilde;es, Distrito Anhembi, com a palestra <b>&ldquo;Fiapos, coisas t&atilde;o pequenas ... Potencial de complica&ccedil;&atilde;o cir&uacute;rgica t&atilde;o grande!&rdquo;<\/b>, <b>ministrada pela especialista Dra. <\/b><\/span><b><span lang=\"EN-US\" style=\"font-size:14.0pt\">Wava Truscott, PhD MBA<\/span><\/b><span lang=\"EN-US\" style=\"font-size:14.0pt\">, President of Truscott MedSci Associates, LLC.<\/span><\/span><\/span><\/span><\/p>\r\n\r\n<p style=\"text-align:justify\"><span style=\"font-size:11pt\"><span style=\"line-height:normal\"><span style=\"font-family:Calibri,sans-serif\"><a href=\"https:\/\/sobecc.org.br\/news\/confira-os-destaques-do-16o-congresso-brasileiro-de-enfermagem-da-sobecc-que-aconteceu-de-7-a-10-11\/655\" style=\"color:blue; text-decoration:underline\"><span style=\"font-size:14.0pt\">Confira os destaques do 16&ordm; Congresso Brasileiro de Enfermagem da SOBECC, que aconteceu de 7 a 10\/11<\/span><\/a><\/span><\/span><\/span><\/p>\r\n","descricao_en":"","9":"","link":"","10":"","created_at":"2023-11-29 19:49:56","11":"2023-11-29 19:49:56","updated_at":"2023-11-29 19:55:04","12":"2023-11-29 19:55:04"},{"id":16,"0":16,"ordem":10,"1":10,"imagem":"COMP_congresso-internacional-abit-2023_20231129192442dsN2bUxwsQ.png","2":"COMP_congresso-internacional-abit-2023_20231129192442dsN2bUxwsQ.png","data":"2023-11-08","3":"2023-11-08","nome":"Congresso Internacional Abit 2023","4":"Congresso Internacional Abit 2023","nome_en":"","5":"","periodo":"08 e 09 de novembro de 2023","6":"08 e 09 de novembro de 2023","periodo_en":"","7":"","descricao":"<p style=\"text-align:justify\"><span style=\"font-size:11pt\"><span style=\"line-height:normal\"><span style=\"font-family:Calibri,sans-serif\"><b><span style=\"font-size:14.0pt\">A ABINT &eacute; uma das patrocinadoras do Congresso Internacional ABIT 2023, <\/span><\/b><span style=\"font-size:14.0pt\">que ocorrer&aacute;<b> dias 08 e 09 de novembro, na FIESC, Florian&oacute;polis, SC.<\/b><\/span><\/span><\/span><\/span><\/p>\r\n","8":"<p style=\"text-align:justify\"><span style=\"font-size:11pt\"><span style=\"line-height:normal\"><span style=\"font-family:Calibri,sans-serif\"><b><span style=\"font-size:14.0pt\">A ABINT &eacute; uma das patrocinadoras do Congresso Internacional ABIT 2023, <\/span><\/b><span style=\"font-size:14.0pt\">que ocorrer&aacute;<b> dias 08 e 09 de novembro, na FIESC, Florian&oacute;polis, SC.<\/b><\/span><\/span><\/span><\/span><\/p>\r\n","descricao_en":"","9":"","link":"https:\/\/www.congressoabit.com.br\/","10":"https:\/\/www.congressoabit.com.br\/","created_at":"2023-11-29 19:24:46","11":"2023-11-29 19:24:46","updated_at":"2023-11-29 19:24:46","12":"2023-11-29 19:24:46"},{"id":15,"0":15,"ordem":11,"1":11,"imagem":"COMP_2o-seminario-abrafiltros-abint-apoiador_20231129191821Wxui96OwwB.png","2":"COMP_2o-seminario-abrafiltros-abint-apoiador_20231129191821Wxui96OwwB.png","data":"2023-11-08","3":"2023-11-08","nome":"2\u00ba Semin\u00e1rio Brasileiro de Filtros","4":"2\u00ba Semin\u00e1rio Brasileiro de Filtros","nome_en":"","5":"","periodo":"08 de novembro de 2023","6":"08 de novembro de 2023","periodo_en":"","7":"","descricao":"<p style=\"text-align:justify\">&nbsp;<\/p>\r\n\r\n<p style=\"text-align:justify\"><span style=\"font-size:11pt\"><span style=\"line-height:normal\"><span style=\"font-family:Calibri,sans-serif\"><span style=\"font-size:14.0pt\">A <b>ABINT<\/b> &eacute; uma das<b> apoiadoras do 2&ordm; Semin&aacute;rio Brasileiro de Filtros, <\/b>evento online e gratuito, que ocorrer&aacute;<b> dia 08 de novembro.<\/b><\/span><\/span><\/span><\/span><\/p>\r\n","8":"<p style=\"text-align:justify\">&nbsp;<\/p>\r\n\r\n<p style=\"text-align:justify\"><span style=\"font-size:11pt\"><span style=\"line-height:normal\"><span style=\"font-family:Calibri,sans-serif\"><span style=\"font-size:14.0pt\">A <b>ABINT<\/b> &eacute; uma das<b> apoiadoras do 2&ordm; Semin&aacute;rio Brasileiro de Filtros, <\/b>evento online e gratuito, que ocorrer&aacute;<b> dia 08 de novembro.<\/b><\/span><\/span><\/span><\/span><\/p>\r\n","descricao_en":"","9":"","link":"http:\/\/www.abrafiltros.org.br\/seminario","10":"http:\/\/www.abrafiltros.org.br\/seminario","created_at":"2023-11-29 19:18:30","11":"2023-11-29 19:18:30","updated_at":"2023-11-29 19:20:42","12":"2023-11-29 19:20:42"},{"id":17,"0":17,"ordem":12,"1":12,"imagem":"COMP_16o-congresso-sobecc_20231129193144A8Lc61rj0B.png","2":"COMP_16o-congresso-sobecc_20231129193144A8Lc61rj0B.png","data":"2023-11-07","3":"2023-11-07","nome":"16\u00ba Congresso SOBECC","4":"16\u00ba Congresso SOBECC","nome_en":"","5":"","periodo":"07 a 10 de novembro de 2023","6":"07 a 10 de novembro de 2023","periodo_en":"","7":"","descricao":"<p>&nbsp;<\/p>\r\n\r\n<p style=\"text-align:justify\"><span style=\"font-size:12pt\"><span style=\"font-family:&quot;Times New Roman&quot;,serif\"><span style=\"font-size:14.0pt\"><span style=\"font-family:&quot;Calibri&quot;,sans-serif\">O <b>CTH ABINT &eacute; um dos patrocinadores do 16&ordm; Congresso Brasileiro de Enfermagem em Centro Cir&uacute;rgico, Recupera&ccedil;&atilde;o Anest&eacute;sica e Centro de Material e Esteriliza&ccedil;&atilde;o e 1st International Congress of Perioperative Nursing | &ldquo;A experi&ecirc;ncia do paciente cir&uacute;rgico: o cuidado singular do amor de algu&eacute;m&rdquo;<\/b>, que ocorrer&aacute; 07 a 10 de novembro de 2023, no Centro de Conven&ccedil;&otilde;es, Distrito Anhembi, Av. Olavo Fontoura, 1209, Santana, CEP 02012-021, S&atilde;o Paulo, SP.<\/span><\/span><\/span><\/span><\/p>\r\n\r\n<p style=\"text-align:justify\"><span style=\"font-size:12pt\"><span style=\"font-family:&quot;Times New Roman&quot;,serif\"><span style=\"font-size:14.0pt\"><span style=\"font-family:&quot;Calibri&quot;,sans-serif\">O <b>CTH ABINT tamb&eacute;m participar&aacute; do Congresso<\/b>, com a transmiss&atilde;o online da <b>palestra da Dra. Wava Truscott, PhD. MBA, presidente e fundadora da Truscott MedSci Associates, LLC<\/b> para palestrar na I Jornada Internacional de Seguran&ccedil;a do Paciente, da SOBECC. A Dra Wava Truscott, especialista internacional em preven&ccedil;&atilde;o de infec&ccedil;&otilde;es e processos de esteriliza&ccedil;&atilde;o, abordar&aacute; sobre <b>&ldquo;Fiapos (lint), coisas t&atilde;o pequenas... com potenciais de complica&ccedil;&otilde;es cir&uacute;rgicas t&atilde;o grandes!&rdquo;<\/b>, abordando as graves implica&ccedil;&otilde;es p&oacute;s-cir&uacute;rgicas causas por fiapos liberados por dispositivos m&eacute;dicos confeccionados com tecidos.<\/span><\/span><\/span><\/span><\/p>\r\n","8":"<p>&nbsp;<\/p>\r\n\r\n<p style=\"text-align:justify\"><span style=\"font-size:12pt\"><span style=\"font-family:&quot;Times New Roman&quot;,serif\"><span style=\"font-size:14.0pt\"><span style=\"font-family:&quot;Calibri&quot;,sans-serif\">O <b>CTH ABINT &eacute; um dos patrocinadores do 16&ordm; Congresso Brasileiro de Enfermagem em Centro Cir&uacute;rgico, Recupera&ccedil;&atilde;o Anest&eacute;sica e Centro de Material e Esteriliza&ccedil;&atilde;o e 1st International Congress of Perioperative Nursing | &ldquo;A experi&ecirc;ncia do paciente cir&uacute;rgico: o cuidado singular do amor de algu&eacute;m&rdquo;<\/b>, que ocorrer&aacute; 07 a 10 de novembro de 2023, no Centro de Conven&ccedil;&otilde;es, Distrito Anhembi, Av. Olavo Fontoura, 1209, Santana, CEP 02012-021, S&atilde;o Paulo, SP.<\/span><\/span><\/span><\/span><\/p>\r\n\r\n<p style=\"text-align:justify\"><span style=\"font-size:12pt\"><span style=\"font-family:&quot;Times New Roman&quot;,serif\"><span style=\"font-size:14.0pt\"><span style=\"font-family:&quot;Calibri&quot;,sans-serif\">O <b>CTH ABINT tamb&eacute;m participar&aacute; do Congresso<\/b>, com a transmiss&atilde;o online da <b>palestra da Dra. Wava Truscott, PhD. MBA, presidente e fundadora da Truscott MedSci Associates, LLC<\/b> para palestrar na I Jornada Internacional de Seguran&ccedil;a do Paciente, da SOBECC. A Dra Wava Truscott, especialista internacional em preven&ccedil;&atilde;o de infec&ccedil;&otilde;es e processos de esteriliza&ccedil;&atilde;o, abordar&aacute; sobre <b>&ldquo;Fiapos (lint), coisas t&atilde;o pequenas... com potenciais de complica&ccedil;&otilde;es cir&uacute;rgicas t&atilde;o grandes!&rdquo;<\/b>, abordando as graves implica&ccedil;&otilde;es p&oacute;s-cir&uacute;rgicas causas por fiapos liberados por dispositivos m&eacute;dicos confeccionados com tecidos.<\/span><\/span><\/span><\/span><\/p>\r\n","descricao_en":"","9":"","link":"https:\/\/www.congresso-simposio-sobecc.com.br\/","10":"https:\/\/www.congresso-simposio-sobecc.com.br\/","created_at":"2023-11-29 19:31:49","11":"2023-11-29 19:31:49","updated_at":"2023-11-29 19:33:58","12":"2023-11-29 19:33:58"},{"id":7,"0":7,"ordem":13,"1":13,"imagem":"COMP_itma-2023-abint-english-417x250_20230309150039N3DlB6Ib6s.jpg","2":"COMP_itma-2023-abint-english-417x250_20230309150039N3DlB6Ib6s.jpg","data":"2021-01-02","3":"2021-01-02","nome":"ITMA 2023 Textile & Garment Technology Exhibition","4":"ITMA 2023 Textile & Garment Technology Exhibition","nome_en":"-","5":"-","periodo":"08 a 14 de junho de 2023","6":"08 a 14 de junho de 2023","periodo_en":"-","7":"-","descricao":"<p>&nbsp;<\/p>\r\n\r\n<p>A ABINT apoia esta feira.<\/p>\r\n\r\n<p>O Cematex (Comit&ecirc; Europeu de Fabricantes de M&aacute;quinas T&ecirc;xteis) anunciou que a <strong>19&ordf; edi&ccedil;&atilde;o da ITMA<\/strong> ser&aacute; realizada em Mil&atilde;o, na It&aacute;lia.<\/p>\r\n","8":"<p>&nbsp;<\/p>\r\n\r\n<p>A ABINT apoia esta feira.<\/p>\r\n\r\n<p>O Cematex (Comit&ecirc; Europeu de Fabricantes de M&aacute;quinas T&ecirc;xteis) anunciou que a <strong>19&ordf; edi&ccedil;&atilde;o da ITMA<\/strong> ser&aacute; realizada em Mil&atilde;o, na It&aacute;lia.<\/p>\r\n","descricao_en":"<p>-<\/p>\r\n","9":"<p>-<\/p>\r\n","link":"https:\/\/itma.com\/","10":"https:\/\/itma.com\/","created_at":"2021-08-26 19:12:44","11":"2021-08-26 19:12:44","updated_at":"2023-03-09 15:00:46","12":"2023-03-09 15:00:46"},{"id":19,"0":19,"ordem":14,"1":14,"imagem":"COMP_congresso-internacional-abit-2022_20231129200958ukvxwn6BtB.png","2":"COMP_congresso-internacional-abit-2022_20231129200958ukvxwn6BtB.png","data":"2022-11-03","3":"2022-11-03","nome":"Congresso Internacional Abit 2022","4":"Congresso Internacional Abit 2022","nome_en":"","5":"","periodo":"03 e 04 de novembro de 2022","6":"03 e 04 de novembro de 2022","periodo_en":"","7":"","descricao":"<p>&nbsp;<\/p>\r\n\r\n<p>A <strong>ABINT &eacute; uma das patrocinadoras do Congresso Internacional ABIT 2022,<\/strong> evento 100% presencial, que ocorrer&aacute; dias 03 e 04 de novembro, em Belo Horizonte, MG.<\/p>\r\n\r\n<p><strong><span style=\"font-size:11.0pt\"><span style=\"line-height:115%\"><span calibri=\"\" style=\"font-family:\"><a href=\"https:\/\/www.congressoabit.com.br\/\" style=\"color:blue; text-decoration:underline\"><span style=\"font-size:14.0pt\"><span style=\"line-height:115%\">Informa&ccedil;&otilde;es<\/span><\/span><\/a><\/span><\/span><\/span><\/strong><\/p>\r\n","8":"<p>&nbsp;<\/p>\r\n\r\n<p>A <strong>ABINT &eacute; uma das patrocinadoras do Congresso Internacional ABIT 2022,<\/strong> evento 100% presencial, que ocorrer&aacute; dias 03 e 04 de novembro, em Belo Horizonte, MG.<\/p>\r\n\r\n<p><strong><span style=\"font-size:11.0pt\"><span style=\"line-height:115%\"><span calibri=\"\" style=\"font-family:\"><a href=\"https:\/\/www.congressoabit.com.br\/\" style=\"color:blue; text-decoration:underline\"><span style=\"font-size:14.0pt\"><span style=\"line-height:115%\">Informa&ccedil;&otilde;es<\/span><\/span><\/a><\/span><\/span><\/span><\/strong><\/p>\r\n","descricao_en":"","9":"","link":"","10":"","created_at":"2023-11-29 20:06:12","11":"2023-11-29 20:06:12","updated_at":"2023-11-29 20:10:05","12":"2023-11-29 20:10:05"},{"id":20,"0":20,"ordem":15,"1":15,"imagem":"COMP_graphene-black_20231129201355vQYcuZUYkQ.png","2":"COMP_graphene-black_20231129201355vQYcuZUYkQ.png","data":"2021-11-09","3":"2021-11-09","nome":"Graphene Brazil Tech 2021","4":"Graphene Brazil Tech 2021","nome_en":"","5":"","periodo":"09 e 10 de novembro de 2021","6":"09 e 10 de novembro de 2021","periodo_en":"","7":"","descricao":"<p>&nbsp;<\/p>\r\n\r\n<p><strong>A ABINT apoia a Graphene Brazil Tech 2021<\/strong>, evento que promove as mais recentes novidades sobre o grafeno e debate as aplica&ccedil;&otilde;es, j&aacute; em uso, nas ind&uacute;strias brasileiras e mundiais. O evento online ser&aacute; realizado nos dias 09 e 10 de novembro de 2021, das 09h &agrave;s 18h30.<br \/>\r\n<br \/>\r\n<strong><a href=\"https:\/\/www.graphenebrazil-tech.com.br\/\" target=\"_blank\">Clique aqui para Informa&ccedil;&otilde;es e inscri&ccedil;&otilde;es<\/a><\/strong><\/p>\r\n","8":"<p>&nbsp;<\/p>\r\n\r\n<p><strong>A ABINT apoia a Graphene Brazil Tech 2021<\/strong>, evento que promove as mais recentes novidades sobre o grafeno e debate as aplica&ccedil;&otilde;es, j&aacute; em uso, nas ind&uacute;strias brasileiras e mundiais. O evento online ser&aacute; realizado nos dias 09 e 10 de novembro de 2021, das 09h &agrave;s 18h30.<br \/>\r\n<br \/>\r\n<strong><a href=\"https:\/\/www.graphenebrazil-tech.com.br\/\" target=\"_blank\">Clique aqui para Informa&ccedil;&otilde;es e inscri&ccedil;&otilde;es<\/a><\/strong><\/p>\r\n","descricao_en":"","9":"","link":"","10":"","created_at":"2023-11-29 20:14:02","11":"2023-11-29 20:14:02","updated_at":"2023-11-29 20:14:30","12":"2023-11-29 20:14:30"},{"id":14,"0":14,"ordem":16,"1":16,"imagem":"COMP_capa-video-basseto-feiplar-feipur_202110131337020OJuIJs2fR.png","2":"COMP_capa-video-basseto-feiplar-feipur_202110131337020OJuIJs2fR.png","data":"2021-09-23","3":"2021-09-23","nome":"A Ind\u00fastria de N\u00e3otecidos no Brasil","4":"A Ind\u00fastria de N\u00e3otecidos no Brasil","nome_en":"-","5":"-","periodo":"23 de setembro de 2021","6":"23 de setembro de 2021","periodo_en":"-","7":"-","descricao":"<p>&nbsp;<\/p>\r\n\r\n<p>&nbsp;<\/p>\r\n\r\n<p>A ABINT - Associa&ccedil;&atilde;o Brasileira das Ind&uacute;strias de N&atilde;otecidos e Tecidos T&eacute;cnicos marcou presen&ccedil;a nos Pain&eacute;is Setoriais 2021, semin&aacute;rio online (webinar) ligado &agrave; Feiplar Composites &amp; Feipur 2021.<\/p>\r\n\r\n<p>O Eng. Edson Basseto, diretor da Basseto Representa&ccedil;&otilde;es e Servi&ccedil;os e tamb&eacute;m diretor da ABINT, apresentou um panorama sobre a ind&uacute;stria brasileira de N&atilde;otecidos, a partir das tecnologias dispon&iacute;veis, das mat&eacute;rias primas, de informa&ccedil;&otilde;es gerais sobre as diferentes aplica&ccedil;&otilde;es dos produtos N&atilde;otecidos e, ainda, dos mais recentes dados de mercado.<\/p>\r\n","8":"<p>&nbsp;<\/p>\r\n\r\n<p>&nbsp;<\/p>\r\n\r\n<p>A ABINT - Associa&ccedil;&atilde;o Brasileira das Ind&uacute;strias de N&atilde;otecidos e Tecidos T&eacute;cnicos marcou presen&ccedil;a nos Pain&eacute;is Setoriais 2021, semin&aacute;rio online (webinar) ligado &agrave; Feiplar Composites &amp; Feipur 2021.<\/p>\r\n\r\n<p>O Eng. Edson Basseto, diretor da Basseto Representa&ccedil;&otilde;es e Servi&ccedil;os e tamb&eacute;m diretor da ABINT, apresentou um panorama sobre a ind&uacute;stria brasileira de N&atilde;otecidos, a partir das tecnologias dispon&iacute;veis, das mat&eacute;rias primas, de informa&ccedil;&otilde;es gerais sobre as diferentes aplica&ccedil;&otilde;es dos produtos N&atilde;otecidos e, ainda, dos mais recentes dados de mercado.<\/p>\r\n","descricao_en":"<p>-<\/p>\r\n","9":"<p>-<\/p>\r\n","link":"https:\/\/youtu.be\/xx-0Ji7H4p8","10":"https:\/\/youtu.be\/xx-0Ji7H4p8","created_at":"2021-10-13 13:37:15","11":"2021-10-13 13:37:15","updated_at":"2023-11-29 20:06:46","12":"2023-11-29 20:06:46"},{"id":11,"0":11,"ordem":17,"1":17,"imagem":"COMP_20201215-3a-live-o-que-esperar-de-2021-email-mkt_20210914174455hHzforlEYb.jpg","2":"COMP_20201215-3a-live-o-que-esperar-de-2021-email-mkt_20210914174455hHzforlEYb.jpg","data":"2020-12-15","3":"2020-12-15","nome":"Conex\u00e3o ABINT: O que esperar para 2021?","4":"Conex\u00e3o ABINT: O que esperar para 2021?","nome_en":".","5":".","periodo":"15 de dezembro de 2020","6":"15 de dezembro de 2020","periodo_en":"","7":"","descricao":"<p>.<\/p>\r\n","8":"<p>.<\/p>\r\n","descricao_en":"<p>.<\/p>\r\n","9":"<p>.<\/p>\r\n","link":"https:\/\/youtu.be\/boY_DkvLfXw","10":"https:\/\/youtu.be\/boY_DkvLfXw","created_at":"2021-09-14 17:45:02","11":"2021-09-14 17:45:02","updated_at":"2021-09-14 17:45:02","12":"2021-09-14 17:45:02"},{"id":10,"0":10,"ordem":18,"1":18,"imagem":"COMP_20201027-2a-live-abint-naotecidos-medicos-email-mkt_20210914174155ou6QegN9ck.jpg","2":"COMP_20201027-2a-live-abint-naotecidos-medicos-email-mkt_20210914174155ou6QegN9ck.jpg","data":"2020-10-27","3":"2020-10-27","nome":"Conex\u00e3o ABINT: N\u00e3otecidos m\u00e9dicos: Desafios e Expectativas ","4":"Conex\u00e3o ABINT: N\u00e3otecidos m\u00e9dicos: Desafios e Expectativas ","nome_en":".","5":".","periodo":"27 de outubro de 2020","6":"27 de outubro de 2020","periodo_en":".","7":".","descricao":"<p>.<\/p>\r\n","8":"<p>.<\/p>\r\n","descricao_en":"<p>.<\/p>\r\n","9":"<p>.<\/p>\r\n","link":"https:\/\/youtu.be\/A7CopVswC6M","10":"https:\/\/youtu.be\/A7CopVswC6M","created_at":"2021-09-14 17:42:03","11":"2021-09-14 17:42:03","updated_at":"2021-09-14 17:42:37","12":"2021-09-14 17:42:37"},{"id":9,"0":9,"ordem":19,"1":19,"imagem":"COMP_20200922-1a-live-abint-reforma-tributaria-email-mkt_20210914173734vENlrHmhD8.jpg","2":"COMP_20200922-1a-live-abint-reforma-tributaria-email-mkt_20210914173734vENlrHmhD8.jpg","data":"2020-09-22","3":"2020-09-22","nome":"Conex\u00e3o ABINT: Reforma Tribut\u00e1ria no \u00e2mbito do Custo Brasil","4":"Conex\u00e3o ABINT: Reforma Tribut\u00e1ria no \u00e2mbito do Custo Brasil","nome_en":".","5":".","periodo":"22 de setembro de 2020","6":"22 de setembro de 2020","periodo_en":".","7":".","descricao":"<p>.<\/p>\r\n","8":"<p>.<\/p>\r\n","descricao_en":"<p>.<\/p>\r\n","9":"<p>.<\/p>\r\n","link":"https:\/\/youtu.be\/dxWSPkJnLd0","10":"https:\/\/youtu.be\/dxWSPkJnLd0","created_at":"2021-09-14 17:37:41","11":"2021-09-14 17:37:41","updated_at":"2021-09-14 17:40:02","12":"2021-09-14 17:40:02"}],"titulo":"Cursos e Eventos"}